{"id":490,"date":"2015-05-25T13:47:06","date_gmt":"2015-05-25T17:47:06","guid":{"rendered":"https:\/\/altitudeaero.com\/?p=490"},"modified":"2020-11-30T13:47:50","modified_gmt":"2020-11-30T18:47:50","slug":"gala-alpha-2015","status":"publish","type":"post","link":"https:\/\/www.altitudeaero.com\/fr\/gala-alpha-2015\/","title":{"rendered":"Gala Alpha 2015"},"content":{"rendered":"\n<p>Nous sommes tr\u00e8s fiers de vous annoncer que notre entreprise d\u2019usinage de pr\u00e9cision, Les Industries DICI, a remport\u00e9 le prix de l\u2019entreprise manufacturi\u00e8re 2015 dans la cat\u00e9gorie \u2018Produits industriels \u2013 moins de 100 employ\u00e9s\u2019 lors du Gala Alpha, organis\u00e9 par la Chambre de Commerce et d\u2019Industrie de Saint-Laurent \u2013 Mont-Royal. Mme Nancy Venneman, Vice-pr\u00e9sidente ex\u00e9cutive chez les Industries DICI et Pr\u00e9sidente d\u2019Altitude Aerospace, a \u00e9galement remport\u00e9 le prix de \u2018Personnalit\u00e9 d\u2019Affaires 2014-2015\u2019. Ces prix couronnent le travail exceptionnel de notre \u00e9quipe et s\u2019inscrivent dans notre dynamique de d\u00e9veloppement et d\u2019engagement aupr\u00e8s de nos clients et de notre communaut\u00e9.<\/p>\n","protected":false},"excerpt":{"rendered":"<p>Nous sommes tr\u00e8s fiers de vous annoncer que notre entreprise d\u2019usinage de pr\u00e9cision, Les Industries DICI, a remport\u00e9 le prix de l\u2019entreprise manufacturi\u00e8re 2015 dans la cat\u00e9gorie \u2018Produits industriels \u2013 moins de 100 employ\u00e9s\u2019 lors du Gala Alpha, organis\u00e9 par la Chambre de Commerce et d\u2019Industrie de Saint-Laurent \u2013 Mont-Royal. Mme Nancy Venneman, Vice-pr\u00e9sidente ex\u00e9cutive [&hellip;]<\/p>\n","protected":false},"author":1,"featured_media":491,"comment_status":"open","ping_status":"closed","sticky":false,"template":"","format":"standard","meta":{"_acf_changed":false,"content-type":"","footnotes":""},"categories":[20],"tags":[],"class_list":["post-490","post","type-post","status-publish","format-standard","has-post-thumbnail","hentry","category-nouvelles"],"acf":[],"yoast_head":"<!-- This site is optimized with the Yoast SEO plugin v27.3 - https:\/\/yoast.com\/product\/yoast-seo-wordpress\/ -->\n<title>Gala Alpha 2015 - Altitude Aerospace<\/title>\n<meta name=\"robots\" content=\"index, follow, max-snippet:-1, max-image-preview:large, max-video-preview:-1\" \/>\n<link rel=\"canonical\" href=\"https:\/\/www.altitudeaero.com\/fr\/gala-alpha-2015\/\" \/>\n<meta property=\"og:locale\" content=\"fr_FR\" \/>\n<meta property=\"og:type\" content=\"article\" \/>\n<meta property=\"og:title\" content=\"Gala Alpha 2015 - Altitude Aerospace\" \/>\n<meta property=\"og:description\" content=\"Nous sommes tr\u00e8s fiers de vous annoncer que notre entreprise d\u2019usinage de pr\u00e9cision, Les Industries DICI, a remport\u00e9 le prix de l\u2019entreprise manufacturi\u00e8re 2015 dans la cat\u00e9gorie \u2018Produits industriels \u2013 moins de 100 employ\u00e9s\u2019 lors du Gala Alpha, organis\u00e9 par la Chambre de Commerce et d\u2019Industrie de Saint-Laurent \u2013 Mont-Royal. Mme Nancy Venneman, Vice-pr\u00e9sidente ex\u00e9cutive [&hellip;]\" \/>\n<meta property=\"og:url\" content=\"https:\/\/www.altitudeaero.com\/fr\/gala-alpha-2015\/\" \/>\n<meta property=\"og:site_name\" content=\"Altitude Aerospace\" \/>\n<meta property=\"article:published_time\" content=\"2015-05-25T17:47:06+00:00\" \/>\n<meta property=\"article:modified_time\" content=\"2020-11-30T18:47:50+00:00\" \/>\n<meta property=\"og:image\" content=\"https:\/\/www.altitudeaero.com\/wp-content\/uploads\/2020\/11\/PC1-3587.20150525.153058.0.jpg\" \/>\n\t<meta property=\"og:image:width\" content=\"1024\" \/>\n\t<meta property=\"og:image:height\" content=\"682\" \/>\n\t<meta property=\"og:image:type\" content=\"image\/jpeg\" \/>\n<meta name=\"author\" content=\"altitude01\" \/>\n<meta name=\"twitter:card\" content=\"summary_large_image\" \/>\n<meta name=\"twitter:label1\" content=\"\u00c9crit par\" \/>\n\t<meta name=\"twitter:data1\" content=\"altitude01\" \/>\n\t<meta name=\"twitter:label2\" content=\"Dur\u00e9e de lecture estim\u00e9e\" \/>\n\t<meta name=\"twitter:data2\" content=\"1 minute\" \/>\n<script type=\"application\/ld+json\" class=\"yoast-schema-graph\">{\"@context\":\"https:\\\/\\\/schema.org\",\"@graph\":[{\"@type\":\"Article\",\"@id\":\"https:\\\/\\\/www.altitudeaero.com\\\/fr\\\/gala-alpha-2015\\\/#article\",\"isPartOf\":{\"@id\":\"https:\\\/\\\/www.altitudeaero.com\\\/fr\\\/gala-alpha-2015\\\/\"},\"author\":{\"name\":\"altitude01\",\"@id\":\"https:\\\/\\\/www.altitudeaero.com\\\/fr\\\/#\\\/schema\\\/person\\\/b2700981d89a0fa755a147a572c30e0c\"},\"headline\":\"Gala Alpha 2015\",\"datePublished\":\"2015-05-25T17:47:06+00:00\",\"dateModified\":\"2020-11-30T18:47:50+00:00\",\"mainEntityOfPage\":{\"@id\":\"https:\\\/\\\/www.altitudeaero.com\\\/fr\\\/gala-alpha-2015\\\/\"},\"wordCount\":113,\"commentCount\":0,\"publisher\":{\"@id\":\"https:\\\/\\\/www.altitudeaero.com\\\/fr\\\/#organization\"},\"image\":{\"@id\":\"https:\\\/\\\/www.altitudeaero.com\\\/fr\\\/gala-alpha-2015\\\/#primaryimage\"},\"thumbnailUrl\":\"https:\\\/\\\/www.altitudeaero.com\\\/wp-content\\\/uploads\\\/2020\\\/11\\\/PC1-3587.20150525.153058.0.jpg\",\"articleSection\":[\"Nouvelles\"],\"inLanguage\":\"fr-FR\",\"potentialAction\":[{\"@type\":\"CommentAction\",\"name\":\"Comment\",\"target\":[\"https:\\\/\\\/www.altitudeaero.com\\\/fr\\\/gala-alpha-2015\\\/#respond\"]}]},{\"@type\":\"WebPage\",\"@id\":\"https:\\\/\\\/www.altitudeaero.com\\\/fr\\\/gala-alpha-2015\\\/\",\"url\":\"https:\\\/\\\/www.altitudeaero.com\\\/fr\\\/gala-alpha-2015\\\/\",\"name\":\"Gala Alpha 2015 - Altitude Aerospace\",\"isPartOf\":{\"@id\":\"https:\\\/\\\/www.altitudeaero.com\\\/fr\\\/#website\"},\"primaryImageOfPage\":{\"@id\":\"https:\\\/\\\/www.altitudeaero.com\\\/fr\\\/gala-alpha-2015\\\/#primaryimage\"},\"image\":{\"@id\":\"https:\\\/\\\/www.altitudeaero.com\\\/fr\\\/gala-alpha-2015\\\/#primaryimage\"},\"thumbnailUrl\":\"https:\\\/\\\/www.altitudeaero.com\\\/wp-content\\\/uploads\\\/2020\\\/11\\\/PC1-3587.20150525.153058.0.jpg\",\"datePublished\":\"2015-05-25T17:47:06+00:00\",\"dateModified\":\"2020-11-30T18:47:50+00:00\",\"breadcrumb\":{\"@id\":\"https:\\\/\\\/www.altitudeaero.com\\\/fr\\\/gala-alpha-2015\\\/#breadcrumb\"},\"inLanguage\":\"fr-FR\",\"potentialAction\":[{\"@type\":\"ReadAction\",\"target\":[\"https:\\\/\\\/www.altitudeaero.com\\\/fr\\\/gala-alpha-2015\\\/\"]}]},{\"@type\":\"ImageObject\",\"inLanguage\":\"fr-FR\",\"@id\":\"https:\\\/\\\/www.altitudeaero.com\\\/fr\\\/gala-alpha-2015\\\/#primaryimage\",\"url\":\"https:\\\/\\\/www.altitudeaero.com\\\/wp-content\\\/uploads\\\/2020\\\/11\\\/PC1-3587.20150525.153058.0.jpg\",\"contentUrl\":\"https:\\\/\\\/www.altitudeaero.com\\\/wp-content\\\/uploads\\\/2020\\\/11\\\/PC1-3587.20150525.153058.0.jpg\",\"width\":1024,\"height\":682},{\"@type\":\"BreadcrumbList\",\"@id\":\"https:\\\/\\\/www.altitudeaero.com\\\/fr\\\/gala-alpha-2015\\\/#breadcrumb\",\"itemListElement\":[{\"@type\":\"ListItem\",\"position\":1,\"name\":\"Home\",\"item\":\"https:\\\/\\\/www.altitudeaero.com\\\/fr\\\/\"},{\"@type\":\"ListItem\",\"position\":2,\"name\":\"Gala Alpha 2015\"}]},{\"@type\":\"WebSite\",\"@id\":\"https:\\\/\\\/www.altitudeaero.com\\\/fr\\\/#website\",\"url\":\"https:\\\/\\\/www.altitudeaero.com\\\/fr\\\/\",\"name\":\"Altitude Aerospace\",\"description\":\"Elevated Engineering\",\"publisher\":{\"@id\":\"https:\\\/\\\/www.altitudeaero.com\\\/fr\\\/#organization\"},\"potentialAction\":[{\"@type\":\"SearchAction\",\"target\":{\"@type\":\"EntryPoint\",\"urlTemplate\":\"https:\\\/\\\/www.altitudeaero.com\\\/fr\\\/?s={search_term_string}\"},\"query-input\":{\"@type\":\"PropertyValueSpecification\",\"valueRequired\":true,\"valueName\":\"search_term_string\"}}],\"inLanguage\":\"fr-FR\"},{\"@type\":\"Organization\",\"@id\":\"https:\\\/\\\/www.altitudeaero.com\\\/fr\\\/#organization\",\"name\":\"Altitude Aerospace\",\"url\":\"https:\\\/\\\/www.altitudeaero.com\\\/fr\\\/\",\"logo\":{\"@type\":\"ImageObject\",\"inLanguage\":\"fr-FR\",\"@id\":\"https:\\\/\\\/www.altitudeaero.com\\\/fr\\\/#\\\/schema\\\/logo\\\/image\\\/\",\"url\":\"https:\\\/\\\/www.altitudeaero.com\\\/wp-content\\\/uploads\\\/2020\\\/10\\\/ALTITUDE_LOGO_RGB_Blue_Grey_Blue_Grey-1.svg\",\"contentUrl\":\"https:\\\/\\\/www.altitudeaero.com\\\/wp-content\\\/uploads\\\/2020\\\/10\\\/ALTITUDE_LOGO_RGB_Blue_Grey_Blue_Grey-1.svg\",\"width\":391.8,\"height\":99.8,\"caption\":\"Altitude Aerospace\"},\"image\":{\"@id\":\"https:\\\/\\\/www.altitudeaero.com\\\/fr\\\/#\\\/schema\\\/logo\\\/image\\\/\"}},{\"@type\":\"Person\",\"@id\":\"https:\\\/\\\/www.altitudeaero.com\\\/fr\\\/#\\\/schema\\\/person\\\/b2700981d89a0fa755a147a572c30e0c\",\"name\":\"altitude01\",\"image\":{\"@type\":\"ImageObject\",\"inLanguage\":\"fr-FR\",\"@id\":\"https:\\\/\\\/secure.gravatar.com\\\/avatar\\\/695d85d40874974c73bdb52c5327cb1db2b593c9a57307bdfbab6a3ebe48801f?s=96&d=mm&r=g\",\"url\":\"https:\\\/\\\/secure.gravatar.com\\\/avatar\\\/695d85d40874974c73bdb52c5327cb1db2b593c9a57307bdfbab6a3ebe48801f?s=96&d=mm&r=g\",\"contentUrl\":\"https:\\\/\\\/secure.gravatar.com\\\/avatar\\\/695d85d40874974c73bdb52c5327cb1db2b593c9a57307bdfbab6a3ebe48801f?s=96&d=mm&r=g\",\"caption\":\"altitude01\"},\"sameAs\":[\"https:\\\/\\\/www.altitudeaero.com\\\/\"],\"url\":\"https:\\\/\\\/www.altitudeaero.com\\\/fr\\\/author\\\/altitude01\\\/\"}]}<\/script>\n<!-- \/ Yoast SEO plugin. -->","yoast_head_json":{"title":"Gala Alpha 2015 - Altitude Aerospace","robots":{"index":"index","follow":"follow","max-snippet":"max-snippet:-1","max-image-preview":"max-image-preview:large","max-video-preview":"max-video-preview:-1"},"canonical":"https:\/\/www.altitudeaero.com\/fr\/gala-alpha-2015\/","og_locale":"fr_FR","og_type":"article","og_title":"Gala Alpha 2015 - Altitude Aerospace","og_description":"Nous sommes tr\u00e8s fiers de vous annoncer que notre entreprise d\u2019usinage de pr\u00e9cision, Les Industries DICI, a remport\u00e9 le prix de l\u2019entreprise manufacturi\u00e8re 2015 dans la cat\u00e9gorie \u2018Produits industriels \u2013 moins de 100 employ\u00e9s\u2019 lors du Gala Alpha, organis\u00e9 par la Chambre de Commerce et d\u2019Industrie de Saint-Laurent \u2013 Mont-Royal. Mme Nancy Venneman, Vice-pr\u00e9sidente ex\u00e9cutive [&hellip;]","og_url":"https:\/\/www.altitudeaero.com\/fr\/gala-alpha-2015\/","og_site_name":"Altitude Aerospace","article_published_time":"2015-05-25T17:47:06+00:00","article_modified_time":"2020-11-30T18:47:50+00:00","og_image":[{"width":1024,"height":682,"url":"https:\/\/www.altitudeaero.com\/wp-content\/uploads\/2020\/11\/PC1-3587.20150525.153058.0.jpg","type":"image\/jpeg"}],"author":"altitude01","twitter_card":"summary_large_image","twitter_misc":{"\u00c9crit par":"altitude01","Dur\u00e9e de lecture estim\u00e9e":"1 minute"},"schema":{"@context":"https:\/\/schema.org","@graph":[{"@type":"Article","@id":"https:\/\/www.altitudeaero.com\/fr\/gala-alpha-2015\/#article","isPartOf":{"@id":"https:\/\/www.altitudeaero.com\/fr\/gala-alpha-2015\/"},"author":{"name":"altitude01","@id":"https:\/\/www.altitudeaero.com\/fr\/#\/schema\/person\/b2700981d89a0fa755a147a572c30e0c"},"headline":"Gala Alpha 2015","datePublished":"2015-05-25T17:47:06+00:00","dateModified":"2020-11-30T18:47:50+00:00","mainEntityOfPage":{"@id":"https:\/\/www.altitudeaero.com\/fr\/gala-alpha-2015\/"},"wordCount":113,"commentCount":0,"publisher":{"@id":"https:\/\/www.altitudeaero.com\/fr\/#organization"},"image":{"@id":"https:\/\/www.altitudeaero.com\/fr\/gala-alpha-2015\/#primaryimage"},"thumbnailUrl":"https:\/\/www.altitudeaero.com\/wp-content\/uploads\/2020\/11\/PC1-3587.20150525.153058.0.jpg","articleSection":["Nouvelles"],"inLanguage":"fr-FR","potentialAction":[{"@type":"CommentAction","name":"Comment","target":["https:\/\/www.altitudeaero.com\/fr\/gala-alpha-2015\/#respond"]}]},{"@type":"WebPage","@id":"https:\/\/www.altitudeaero.com\/fr\/gala-alpha-2015\/","url":"https:\/\/www.altitudeaero.com\/fr\/gala-alpha-2015\/","name":"Gala Alpha 2015 - Altitude Aerospace","isPartOf":{"@id":"https:\/\/www.altitudeaero.com\/fr\/#website"},"primaryImageOfPage":{"@id":"https:\/\/www.altitudeaero.com\/fr\/gala-alpha-2015\/#primaryimage"},"image":{"@id":"https:\/\/www.altitudeaero.com\/fr\/gala-alpha-2015\/#primaryimage"},"thumbnailUrl":"https:\/\/www.altitudeaero.com\/wp-content\/uploads\/2020\/11\/PC1-3587.20150525.153058.0.jpg","datePublished":"2015-05-25T17:47:06+00:00","dateModified":"2020-11-30T18:47:50+00:00","breadcrumb":{"@id":"https:\/\/www.altitudeaero.com\/fr\/gala-alpha-2015\/#breadcrumb"},"inLanguage":"fr-FR","potentialAction":[{"@type":"ReadAction","target":["https:\/\/www.altitudeaero.com\/fr\/gala-alpha-2015\/"]}]},{"@type":"ImageObject","inLanguage":"fr-FR","@id":"https:\/\/www.altitudeaero.com\/fr\/gala-alpha-2015\/#primaryimage","url":"https:\/\/www.altitudeaero.com\/wp-content\/uploads\/2020\/11\/PC1-3587.20150525.153058.0.jpg","contentUrl":"https:\/\/www.altitudeaero.com\/wp-content\/uploads\/2020\/11\/PC1-3587.20150525.153058.0.jpg","width":1024,"height":682},{"@type":"BreadcrumbList","@id":"https:\/\/www.altitudeaero.com\/fr\/gala-alpha-2015\/#breadcrumb","itemListElement":[{"@type":"ListItem","position":1,"name":"Home","item":"https:\/\/www.altitudeaero.com\/fr\/"},{"@type":"ListItem","position":2,"name":"Gala Alpha 2015"}]},{"@type":"WebSite","@id":"https:\/\/www.altitudeaero.com\/fr\/#website","url":"https:\/\/www.altitudeaero.com\/fr\/","name":"Altitude Aerospace","description":"Elevated Engineering","publisher":{"@id":"https:\/\/www.altitudeaero.com\/fr\/#organization"},"potentialAction":[{"@type":"SearchAction","target":{"@type":"EntryPoint","urlTemplate":"https:\/\/www.altitudeaero.com\/fr\/?s={search_term_string}"},"query-input":{"@type":"PropertyValueSpecification","valueRequired":true,"valueName":"search_term_string"}}],"inLanguage":"fr-FR"},{"@type":"Organization","@id":"https:\/\/www.altitudeaero.com\/fr\/#organization","name":"Altitude Aerospace","url":"https:\/\/www.altitudeaero.com\/fr\/","logo":{"@type":"ImageObject","inLanguage":"fr-FR","@id":"https:\/\/www.altitudeaero.com\/fr\/#\/schema\/logo\/image\/","url":"https:\/\/www.altitudeaero.com\/wp-content\/uploads\/2020\/10\/ALTITUDE_LOGO_RGB_Blue_Grey_Blue_Grey-1.svg","contentUrl":"https:\/\/www.altitudeaero.com\/wp-content\/uploads\/2020\/10\/ALTITUDE_LOGO_RGB_Blue_Grey_Blue_Grey-1.svg","width":391.8,"height":99.8,"caption":"Altitude Aerospace"},"image":{"@id":"https:\/\/www.altitudeaero.com\/fr\/#\/schema\/logo\/image\/"}},{"@type":"Person","@id":"https:\/\/www.altitudeaero.com\/fr\/#\/schema\/person\/b2700981d89a0fa755a147a572c30e0c","name":"altitude01","image":{"@type":"ImageObject","inLanguage":"fr-FR","@id":"https:\/\/secure.gravatar.com\/avatar\/695d85d40874974c73bdb52c5327cb1db2b593c9a57307bdfbab6a3ebe48801f?s=96&d=mm&r=g","url":"https:\/\/secure.gravatar.com\/avatar\/695d85d40874974c73bdb52c5327cb1db2b593c9a57307bdfbab6a3ebe48801f?s=96&d=mm&r=g","contentUrl":"https:\/\/secure.gravatar.com\/avatar\/695d85d40874974c73bdb52c5327cb1db2b593c9a57307bdfbab6a3ebe48801f?s=96&d=mm&r=g","caption":"altitude01"},"sameAs":["https:\/\/www.altitudeaero.com\/"],"url":"https:\/\/www.altitudeaero.com\/fr\/author\/altitude01\/"}]}},"_links":{"self":[{"href":"https:\/\/www.altitudeaero.com\/fr\/wp-json\/wp\/v2\/posts\/490","targetHints":{"allow":["GET"]}}],"collection":[{"href":"https:\/\/www.altitudeaero.com\/fr\/wp-json\/wp\/v2\/posts"}],"about":[{"href":"https:\/\/www.altitudeaero.com\/fr\/wp-json\/wp\/v2\/types\/post"}],"author":[{"embeddable":true,"href":"https:\/\/www.altitudeaero.com\/fr\/wp-json\/wp\/v2\/users\/1"}],"replies":[{"embeddable":true,"href":"https:\/\/www.altitudeaero.com\/fr\/wp-json\/wp\/v2\/comments?post=490"}],"version-history":[{"count":0,"href":"https:\/\/www.altitudeaero.com\/fr\/wp-json\/wp\/v2\/posts\/490\/revisions"}],"wp:featuredmedia":[{"embeddable":true,"href":"https:\/\/www.altitudeaero.com\/fr\/wp-json\/wp\/v2\/media\/491"}],"wp:attachment":[{"href":"https:\/\/www.altitudeaero.com\/fr\/wp-json\/wp\/v2\/media?parent=490"}],"wp:term":[{"taxonomy":"category","embeddable":true,"href":"https:\/\/www.altitudeaero.com\/fr\/wp-json\/wp\/v2\/categories?post=490"},{"taxonomy":"post_tag","embeddable":true,"href":"https:\/\/www.altitudeaero.com\/fr\/wp-json\/wp\/v2\/tags?post=490"}],"curies":[{"name":"wp","href":"https:\/\/api.w.org\/{rel}","templated":true}]}}